{"id":1321,"date":"2019-12-10T20:08:02","date_gmt":"2019-12-10T23:08:02","guid":{"rendered":"https:\/\/isfd163-bue.infd.edu.ar\/sitio\/?p=1321"},"modified":"2019-12-20T13:07:05","modified_gmt":"2019-12-20T16:07:05","slug":"ceremonia-de-egreso-y-colacion-2019","status":"publish","type":"post","link":"https:\/\/isfd163-bue.infd.edu.ar\/sitio\/ceremonia-de-egreso-y-colacion-2019\/","title":{"rendered":"Ceremonia de Egreso y Colaci\u00f3n 2019"},"content":{"rendered":"<p><em>\u00abLa finalizaci\u00f3n del ciclo lectivo 2019 nos convoca para celebrar la culminaci\u00f3n del a\u00f1o y presenciar la colaci\u00f3n de grado para aquellos egresados y egresadas que hoy recibir\u00e1n su t\u00edtulo. De este modo arribamos a la finalizaci\u00f3n de trabajos y momentos compartidos en las aulas, pero a la vez, el inicio del propio proyecto y trayectoria profesional.\u00bb<\/em><\/p>\n<p>Con estas palabras se di\u00f3 inicio al acto de Colaci\u00f3n de grado 2019 de la Escuela Normal Superior \u00abJos\u00e9 Manuel Estrada\u00bb Instituto Superior de Formaci\u00f3n Docente N\u00ba 163, el pasado\u00a0 viernes 22 de noviembre a las 19 hs en el patio cubierto de la instituci\u00f3n. El acto fue conducido por los docentes Lorena Solay y Emanuel Latorre. Las palabras alusivas por parte de los docentes estuvieron a cargo de la profesora\u00a0Helena Ellehoj. Por parte de los alumnos las palabras estuvieron a cargo de:<\/p>\n<p>Por el profesorado de Biolog\u00eda:\u00a0Steffano Giaccio<\/p>\n<p>Por el profesorado de Historia:\u00a0Agustina Llambi<\/p>\n<p>Por el profesorado de Ingl\u00e9s:\u00a0Guillermo Yepes<\/p>\n<p>Por el profesorado de Lengua y Literatura:\u00a0Tabata Bellizzi y Mariano Zoloa<\/p>\n<p>y por el profesorado de Matem\u00e1tica:\u00a0Roc\u00edo Mart\u00edn Gonz\u00e1lez<\/p>\n<div id='gallery-1' class='gallery galleryid-1321 gallery-columns-3 gallery-size-thumbnail'><figure class='gallery-item'>\n\t\t\t<div class='gallery-icon landscape'>\n\t\t\t\t<a href='https:\/\/isfd163-bue.infd.edu.ar\/sitio\/ceremonia-de-egreso-y-colacion-2019\/20191122_201652\/#main'><img width=\"500\" height=\"500\" src=\"https:\/\/isfd163-bue.infd.edu.ar\/sitio\/wp-content\/uploads\/2019\/12\/20191122_201652-500x500.jpg\" class=\"attachment-thumbnail size-thumbnail\" alt=\"\" decoding=\"async\" loading=\"lazy\" \/><\/a>\n\t\t\t<\/div><\/figure><figure class='gallery-item'>\n\t\t\t<div class='gallery-icon landscape'>\n\t\t\t\t<a href='https:\/\/isfd163-bue.infd.edu.ar\/sitio\/ceremonia-de-egreso-y-colacion-2019\/20191122_192434\/#main'><img width=\"500\" height=\"500\" src=\"https:\/\/isfd163-bue.infd.edu.ar\/sitio\/wp-content\/uploads\/2019\/12\/20191122_192434-500x500.jpg\" class=\"attachment-thumbnail size-thumbnail\" alt=\"\" decoding=\"async\" loading=\"lazy\" \/><\/a>\n\t\t\t<\/div><\/figure><figure class='gallery-item'>\n\t\t\t<div class='gallery-icon landscape'>\n\t\t\t\t<a href='https:\/\/isfd163-bue.infd.edu.ar\/sitio\/ceremonia-de-egreso-y-colacion-2019\/20191122_192542\/#main'><img width=\"500\" height=\"500\" src=\"https:\/\/isfd163-bue.infd.edu.ar\/sitio\/wp-content\/uploads\/2019\/12\/20191122_192542-500x500.jpg\" class=\"attachment-thumbnail size-thumbnail\" alt=\"\" decoding=\"async\" loading=\"lazy\" \/><\/a>\n\t\t\t<\/div><\/figure><figure class='gallery-item'>\n\t\t\t<div class='gallery-icon landscape'>\n\t\t\t\t<a href='https:\/\/isfd163-bue.infd.edu.ar\/sitio\/ceremonia-de-egreso-y-colacion-2019\/img-20191125-wa0068\/#main'><img width=\"500\" height=\"500\" src=\"https:\/\/isfd163-bue.infd.edu.ar\/sitio\/wp-content\/uploads\/2019\/12\/IMG-20191125-WA0068-500x500.jpg\" class=\"attachment-thumbnail size-thumbnail\" alt=\"\" decoding=\"async\" loading=\"lazy\" \/><\/a>\n\t\t\t<\/div><\/figure><figure class='gallery-item'>\n\t\t\t<div class='gallery-icon landscape'>\n\t\t\t\t<a href='https:\/\/isfd163-bue.infd.edu.ar\/sitio\/ceremonia-de-egreso-y-colacion-2019\/img-20191125-wa0057-2\/#main'><img width=\"500\" height=\"500\" src=\"https:\/\/isfd163-bue.infd.edu.ar\/sitio\/wp-content\/uploads\/2019\/12\/IMG-20191125-WA0057-1-500x500.jpg\" class=\"attachment-thumbnail size-thumbnail\" alt=\"\" decoding=\"async\" loading=\"lazy\" \/><\/a>\n\t\t\t<\/div><\/figure><figure class='gallery-item'>\n\t\t\t<div class='gallery-icon landscape'>\n\t\t\t\t<a href='https:\/\/isfd163-bue.infd.edu.ar\/sitio\/ceremonia-de-egreso-y-colacion-2019\/img-20191125-wa0053\/#main'><img width=\"500\" height=\"500\" src=\"https:\/\/isfd163-bue.infd.edu.ar\/sitio\/wp-content\/uploads\/2019\/12\/IMG-20191125-WA0053-500x500.jpg\" class=\"attachment-thumbnail size-thumbnail\" alt=\"\" decoding=\"async\" loading=\"lazy\" \/><\/a>\n\t\t\t<\/div><\/figure>\n\t\t<\/div>\n\n<p>Finalizada la entrega de diplomas y medallas\u00a0la Sra Claudia Monti, Directora de la Unidad Acad\u00e9mica \u201cJos\u00e9 Manuel Estrada\u201d, procedi\u00f3 a la toma de juramento de los egresados titulados como profesores por esta Instituci\u00f3n Educativa.<\/p>\n<p><img decoding=\"async\" loading=\"lazy\" class=\"wp-image-1333 aligncenter\" src=\"https:\/\/isfd163-bue.infd.edu.ar\/sitio\/wp-content\/uploads\/2019\/12\/Webp.net-gifmaker-1-1000x750.gif\" alt=\"\" width=\"561\" height=\"421\" srcset=\"https:\/\/isfd163-bue.infd.edu.ar\/sitio\/wp-content\/uploads\/2019\/12\/Webp.net-gifmaker-1-1000x750.gif 1000w, https:\/\/isfd163-bue.infd.edu.ar\/sitio\/wp-content\/uploads\/2019\/12\/Webp.net-gifmaker-1-768x576.gif 768w\" sizes=\"(max-width: 561px) 100vw, 561px\" \/><\/p>\n<div id='gallery-2' class='gallery galleryid-1321 gallery-columns-3 gallery-size-thumbnail'><figure class='gallery-item'>\n\t\t\t<div class='gallery-icon landscape'>\n\t\t\t\t<a href='https:\/\/isfd163-bue.infd.edu.ar\/sitio\/ceremonia-de-egreso-y-colacion-2019\/img-20191125-wa0070\/#main'><img width=\"500\" height=\"500\" src=\"https:\/\/isfd163-bue.infd.edu.ar\/sitio\/wp-content\/uploads\/2019\/12\/IMG-20191125-WA0070-500x500.jpg\" class=\"attachment-thumbnail size-thumbnail\" alt=\"\" decoding=\"async\" loading=\"lazy\" \/><\/a>\n\t\t\t<\/div><\/figure><figure class='gallery-item'>\n\t\t\t<div class='gallery-icon landscape'>\n\t\t\t\t<a href='https:\/\/isfd163-bue.infd.edu.ar\/sitio\/ceremonia-de-egreso-y-colacion-2019\/img-20191125-wa0073\/#main'><img width=\"500\" height=\"500\" src=\"https:\/\/isfd163-bue.infd.edu.ar\/sitio\/wp-content\/uploads\/2019\/12\/IMG-20191125-WA0073-500x500.jpg\" class=\"attachment-thumbnail size-thumbnail\" alt=\"\" decoding=\"async\" loading=\"lazy\" \/><\/a>\n\t\t\t<\/div><\/figure><figure class='gallery-item'>\n\t\t\t<div class='gallery-icon landscape'>\n\t\t\t\t<a href='https:\/\/isfd163-bue.infd.edu.ar\/sitio\/ceremonia-de-egreso-y-colacion-2019\/img-20191125-wa0075\/#main'><img width=\"500\" height=\"500\" src=\"https:\/\/isfd163-bue.infd.edu.ar\/sitio\/wp-content\/uploads\/2019\/12\/IMG-20191125-WA0075-500x500.jpg\" class=\"attachment-thumbnail size-thumbnail\" alt=\"\" decoding=\"async\" loading=\"lazy\" \/><\/a>\n\t\t\t<\/div><\/figure><figure class='gallery-item'>\n\t\t\t<div class='gallery-icon landscape'>\n\t\t\t\t<a href='https:\/\/isfd163-bue.infd.edu.ar\/sitio\/ceremonia-de-egreso-y-colacion-2019\/img-20191125-wa0077\/#main'><img width=\"500\" height=\"500\" src=\"https:\/\/isfd163-bue.infd.edu.ar\/sitio\/wp-content\/uploads\/2019\/12\/IMG-20191125-WA0077-500x500.jpg\" class=\"attachment-thumbnail size-thumbnail\" alt=\"\" decoding=\"async\" loading=\"lazy\" \/><\/a>\n\t\t\t<\/div><\/figure><figure class='gallery-item'>\n\t\t\t<div class='gallery-icon landscape'>\n\t\t\t\t<a href='https:\/\/isfd163-bue.infd.edu.ar\/sitio\/ceremonia-de-egreso-y-colacion-2019\/img-20191125-wa0067\/#main'><img width=\"500\" height=\"500\" src=\"https:\/\/isfd163-bue.infd.edu.ar\/sitio\/wp-content\/uploads\/2019\/12\/IMG-20191125-WA0067-500x500.jpg\" class=\"attachment-thumbnail size-thumbnail\" alt=\"\" decoding=\"async\" loading=\"lazy\" \/><\/a>\n\t\t\t<\/div><\/figure><figure class='gallery-item'>\n\t\t\t<div class='gallery-icon landscape'>\n\t\t\t\t<a href='https:\/\/isfd163-bue.infd.edu.ar\/sitio\/ceremonia-de-egreso-y-colacion-2019\/76905307_10221103430078036_842168367199551488_o\/#main'><img width=\"500\" height=\"500\" src=\"https:\/\/isfd163-bue.infd.edu.ar\/sitio\/wp-content\/uploads\/2019\/12\/76905307_10221103430078036_842168367199551488_o-500x500.jpg\" class=\"attachment-thumbnail size-thumbnail\" alt=\"\" decoding=\"async\" loading=\"lazy\" \/><\/a>\n\t\t\t<\/div><\/figure>\n\t\t<\/div>\n\n<p>&nbsp;<\/p>\n<p>&nbsp;<\/p>\n","protected":false},"excerpt":{"rendered":"<p>\u00abLa finalizaci\u00f3n del ciclo lectivo 2019 nos convoca para celebrar la culminaci\u00f3n del a\u00f1o y presenciar la colaci\u00f3n de grado para aquellos egresados y egresadas que hoy recibir\u00e1n su t\u00edtulo. De este modo arribamos a la finalizaci\u00f3n de trabajos y momentos compartidos en las aulas, pero a la vez, el inicio del propio proyecto y &#8230; <a title=\"Ceremonia de Egreso y Colaci\u00f3n 2019\" class=\"read-more\" href=\"https:\/\/isfd163-bue.infd.edu.ar\/sitio\/ceremonia-de-egreso-y-colacion-2019\/\" aria-label=\"More on Ceremonia de Egreso y Colaci\u00f3n 2019\">[+]<\/a><\/p>\n","protected":false},"author":1452,"featured_media":1352,"comment_status":"open","ping_status":"open","sticky":false,"template":"","format":"standard","meta":[],"categories":[30],"tags":[],"acf":[],"_links":{"self":[{"href":"https:\/\/isfd163-bue.infd.edu.ar\/sitio\/wp-json\/wp\/v2\/posts\/1321"}],"collection":[{"href":"https:\/\/isfd163-bue.infd.edu.ar\/sitio\/wp-json\/wp\/v2\/posts"}],"about":[{"href":"https:\/\/isfd163-bue.infd.edu.ar\/sitio\/wp-json\/wp\/v2\/types\/post"}],"author":[{"embeddable":true,"href":"https:\/\/isfd163-bue.infd.edu.ar\/sitio\/wp-json\/wp\/v2\/users\/1452"}],"replies":[{"embeddable":true,"href":"https:\/\/isfd163-bue.infd.edu.ar\/sitio\/wp-json\/wp\/v2\/comments?post=1321"}],"version-history":[{"count":5,"href":"https:\/\/isfd163-bue.infd.edu.ar\/sitio\/wp-json\/wp\/v2\/posts\/1321\/revisions"}],"predecessor-version":[{"id":1827,"href":"https:\/\/isfd163-bue.infd.edu.ar\/sitio\/wp-json\/wp\/v2\/posts\/1321\/revisions\/1827"}],"wp:featuredmedia":[{"embeddable":true,"href":"https:\/\/isfd163-bue.infd.edu.ar\/sitio\/wp-json\/wp\/v2\/media\/1352"}],"wp:attachment":[{"href":"https:\/\/isfd163-bue.infd.edu.ar\/sitio\/wp-json\/wp\/v2\/media?parent=1321"}],"wp:term":[{"taxonomy":"category","embeddable":true,"href":"https:\/\/isfd163-bue.infd.edu.ar\/sitio\/wp-json\/wp\/v2\/categories?post=1321"},{"taxonomy":"post_tag","embeddable":true,"href":"https:\/\/isfd163-bue.infd.edu.ar\/sitio\/wp-json\/wp\/v2\/tags?post=1321"}],"curies":[{"name":"wp","href":"https:\/\/api.w.org\/{rel}","templated":true}]}}