{"id":1391,"date":"2020-03-03T21:20:27","date_gmt":"2020-03-04T00:20:27","guid":{"rendered":"https:\/\/isfd163-bue.infd.edu.ar\/sitio\/?p=1391"},"modified":"2020-03-14T14:59:49","modified_gmt":"2020-03-14T17:59:49","slug":"primera-jornada-institucional-2020","status":"publish","type":"post","link":"https:\/\/isfd163-bue.infd.edu.ar\/sitio\/primera-jornada-institucional-2020\/","title":{"rendered":"Primera Jornada Institucional 2020"},"content":{"rendered":"<p>El pasado mi\u00e9rcoles 26 de febrero se desarroll\u00f3 en la biblioteca del instituto la Primer Jornada Institucional 2020.<\/p>\n<p>En un primer momento se trabaj\u00f3 con la Memoria 2019 y se establecieron l\u00edneas de acci\u00f3n 2020.<\/p>\n<p style=\"text-align: center;\"><iframe loading=\"lazy\" style=\"border: 1px solid #CCC; border-width: 1px; margin-bottom: 5px; max-width: 100%;\" src=\"\/\/www.slideshare.net\/slideshow\/embed_code\/key\/14QvGChQI861QO\" width=\"595\" height=\"485\" frameborder=\"0\" marginwidth=\"0\" marginheight=\"0\" scrolling=\"no\" allowfullscreen=\"allowfullscreen\"> <\/iframe><\/p>\n<p>En una segunda parte se trabaj\u00f3 sobre sobre Alfabetizaci\u00f3n acad\u00e9mica, tomando como base el tema \u00abLectura\u00bb. El objetivo fue\u00a0\u00a0revisar algunas pr\u00e1cticas que frecuentemente\u00a0 implementamos en nuestras clases.<\/p>\n<div id='gallery-1' class='gallery galleryid-1391 gallery-columns-3 gallery-size-thumbnail'><figure class='gallery-item'>\n\t\t\t<div class='gallery-icon landscape'>\n\t\t\t\t<a href='https:\/\/isfd163-bue.infd.edu.ar\/sitio\/primera-jornada-institucional-2020\/20200226_180800\/#main'><img width=\"500\" height=\"500\" src=\"https:\/\/isfd163-bue.infd.edu.ar\/sitio\/wp-content\/uploads\/2020\/02\/20200226_180800-500x500.jpg\" class=\"attachment-thumbnail size-thumbnail\" alt=\"\" decoding=\"async\" loading=\"lazy\" \/><\/a>\n\t\t\t<\/div><\/figure><figure class='gallery-item'>\n\t\t\t<div class='gallery-icon landscape'>\n\t\t\t\t<a href='https:\/\/isfd163-bue.infd.edu.ar\/sitio\/primera-jornada-institucional-2020\/20200226_183641\/#main'><img width=\"500\" height=\"500\" src=\"https:\/\/isfd163-bue.infd.edu.ar\/sitio\/wp-content\/uploads\/2020\/02\/20200226_183641-500x500.jpg\" class=\"attachment-thumbnail size-thumbnail\" alt=\"\" decoding=\"async\" loading=\"lazy\" \/><\/a>\n\t\t\t<\/div><\/figure><figure class='gallery-item'>\n\t\t\t<div class='gallery-icon landscape'>\n\t\t\t\t<a href='https:\/\/isfd163-bue.infd.edu.ar\/sitio\/primera-jornada-institucional-2020\/20200226_183652\/#main'><img width=\"500\" height=\"500\" src=\"https:\/\/isfd163-bue.infd.edu.ar\/sitio\/wp-content\/uploads\/2020\/02\/20200226_183652-500x500.jpg\" class=\"attachment-thumbnail size-thumbnail\" alt=\"\" decoding=\"async\" loading=\"lazy\" \/><\/a>\n\t\t\t<\/div><\/figure>\n\t\t<\/div>\n\n","protected":false},"excerpt":{"rendered":"<p>El pasado mi\u00e9rcoles 26 de febrero se desarroll\u00f3 en la biblioteca del instituto la Primer Jornada Institucional 2020. En un primer momento se trabaj\u00f3 con la Memoria 2019 y se establecieron l\u00edneas de acci\u00f3n 2020. En una segunda parte se trabaj\u00f3 sobre sobre Alfabetizaci\u00f3n acad\u00e9mica, tomando como base el tema \u00abLectura\u00bb. El objetivo fue\u00a0\u00a0revisar algunas &#8230; <a title=\"Primera Jornada Institucional 2020\" class=\"read-more\" href=\"https:\/\/isfd163-bue.infd.edu.ar\/sitio\/primera-jornada-institucional-2020\/\" aria-label=\"More on Primera Jornada Institucional 2020\">[+]<\/a><\/p>\n","protected":false},"author":1452,"featured_media":1395,"comment_status":"open","ping_status":"open","sticky":false,"template":"","format":"standard","meta":[],"categories":[1],"tags":[],"acf":[],"_links":{"self":[{"href":"https:\/\/isfd163-bue.infd.edu.ar\/sitio\/wp-json\/wp\/v2\/posts\/1391"}],"collection":[{"href":"https:\/\/isfd163-bue.infd.edu.ar\/sitio\/wp-json\/wp\/v2\/posts"}],"about":[{"href":"https:\/\/isfd163-bue.infd.edu.ar\/sitio\/wp-json\/wp\/v2\/types\/post"}],"author":[{"embeddable":true,"href":"https:\/\/isfd163-bue.infd.edu.ar\/sitio\/wp-json\/wp\/v2\/users\/1452"}],"replies":[{"embeddable":true,"href":"https:\/\/isfd163-bue.infd.edu.ar\/sitio\/wp-json\/wp\/v2\/comments?post=1391"}],"version-history":[{"count":4,"href":"https:\/\/isfd163-bue.infd.edu.ar\/sitio\/wp-json\/wp\/v2\/posts\/1391\/revisions"}],"predecessor-version":[{"id":1424,"href":"https:\/\/isfd163-bue.infd.edu.ar\/sitio\/wp-json\/wp\/v2\/posts\/1391\/revisions\/1424"}],"wp:featuredmedia":[{"embeddable":true,"href":"https:\/\/isfd163-bue.infd.edu.ar\/sitio\/wp-json\/wp\/v2\/media\/1395"}],"wp:attachment":[{"href":"https:\/\/isfd163-bue.infd.edu.ar\/sitio\/wp-json\/wp\/v2\/media?parent=1391"}],"wp:term":[{"taxonomy":"category","embeddable":true,"href":"https:\/\/isfd163-bue.infd.edu.ar\/sitio\/wp-json\/wp\/v2\/categories?post=1391"},{"taxonomy":"post_tag","embeddable":true,"href":"https:\/\/isfd163-bue.infd.edu.ar\/sitio\/wp-json\/wp\/v2\/tags?post=1391"}],"curies":[{"name":"wp","href":"https:\/\/api.w.org\/{rel}","templated":true}]}}