{"id":1455,"date":"2020-10-20T16:59:13","date_gmt":"2020-10-20T19:59:13","guid":{"rendered":"https:\/\/isfd163-bue.infd.edu.ar\/sitio\/?p=1455"},"modified":"2021-06-22T14:53:24","modified_gmt":"2021-06-22T17:53:24","slug":"llamados-a-concurso","status":"publish","type":"post","link":"https:\/\/isfd163-bue.infd.edu.ar\/sitio\/llamados-a-concurso\/","title":{"rendered":"Llamados a concurso"},"content":{"rendered":"<p>Compartimos en este espacio los llamados a concurso\u00a0en el marco de la Resoluciones N\u00ba 5848\/02, N\u00ba 1234\/03, N\u00ba 5886\/03 y N\u00b0 1161\/2020\u00a0 para la cobertura de \u00a0espacios curriculares varios. Las propuestas deber\u00e1n enviarse debidamente identificadas y en formato pdf, durante el per\u00edodo de inscripci\u00f3n, a la casilla de correo de la instituci\u00f3n:<br \/>\n<span style=\"color: #0000ff;\">ensjoseestrada@gmail.com<\/span><\/p>\n<p><b>De no encontrase en el listado 108a deber\u00e1n enviar una carpeta digital con antecedentes.<\/b><\/p>\n<p>Los llamados corresponden a las carreras de :<\/p>\n<p>Prof de Lengua y Literatura<\/p>\n<p>Prof de Historia<\/p>\n<p><strong>Difusi\u00f3n<\/strong>: desde el 22 al 27 de junio (seis d\u00edas corridos)<br \/>\n<strong>Inscripci\u00f3n<\/strong>: desde el 22 al 27 de junio (seis d\u00edas simult\u00e1neos a la difusi\u00f3n)<br \/>\n<strong>Recusaci\u00f3n\/excusaci\u00f3n<\/strong>: 29,30 de junio y 1 de julio (tres d\u00edas h\u00e1biles posteriores a la inscripci\u00f3n)<br \/>\nNotificaci\u00f3n de listado de aspirantes en condiciones de acceder a la cobertura, puntaje y evaluaci\u00f3n de la propuesta; listado de aspirantes que no re\u00fanen las condiciones<br \/>\n<strong>Fecha estimativa<\/strong>: 7 de julio<br \/>\n<strong>Fecha de entrevista<\/strong>: 12-13 de julio<\/p>\n<p>&nbsp;<\/p>\n<p style=\"text-align: center;\"><iframe loading=\"lazy\" src=\"https:\/\/drive.google.com\/file\/d\/1Vgoi01CKWi8TDO5-SDNxL831EWk350oZ\/preview\" width=\"640\" height=\"480\"><\/iframe><\/p>\n<p>&nbsp;<\/p>\n<p>&nbsp;<\/p>\n<p>&nbsp;<\/p>\n<p>&nbsp;<\/p>\n","protected":false},"excerpt":{"rendered":"<p>Compartimos en este espacio los llamados a concurso\u00a0en el marco de la Resoluciones N\u00ba 5848\/02, N\u00ba 1234\/03, N\u00ba 5886\/03 y N\u00b0 1161\/2020\u00a0 para la cobertura de \u00a0espacios curriculares varios. Las propuestas deber\u00e1n enviarse debidamente identificadas y en formato pdf, durante el per\u00edodo de inscripci\u00f3n, a la casilla de correo de la instituci\u00f3n: ensjoseestrada@gmail.com De no &#8230; <a title=\"Llamados a concurso\" class=\"read-more\" href=\"https:\/\/isfd163-bue.infd.edu.ar\/sitio\/llamados-a-concurso\/\" aria-label=\"More on Llamados a concurso\">[+]<\/a><\/p>\n","protected":false},"author":1452,"featured_media":1462,"comment_status":"open","ping_status":"open","sticky":false,"template":"","format":"standard","meta":[],"categories":[1],"tags":[],"acf":[],"_links":{"self":[{"href":"https:\/\/isfd163-bue.infd.edu.ar\/sitio\/wp-json\/wp\/v2\/posts\/1455"}],"collection":[{"href":"https:\/\/isfd163-bue.infd.edu.ar\/sitio\/wp-json\/wp\/v2\/posts"}],"about":[{"href":"https:\/\/isfd163-bue.infd.edu.ar\/sitio\/wp-json\/wp\/v2\/types\/post"}],"author":[{"embeddable":true,"href":"https:\/\/isfd163-bue.infd.edu.ar\/sitio\/wp-json\/wp\/v2\/users\/1452"}],"replies":[{"embeddable":true,"href":"https:\/\/isfd163-bue.infd.edu.ar\/sitio\/wp-json\/wp\/v2\/comments?post=1455"}],"version-history":[{"count":19,"href":"https:\/\/isfd163-bue.infd.edu.ar\/sitio\/wp-json\/wp\/v2\/posts\/1455\/revisions"}],"predecessor-version":[{"id":1735,"href":"https:\/\/isfd163-bue.infd.edu.ar\/sitio\/wp-json\/wp\/v2\/posts\/1455\/revisions\/1735"}],"wp:featuredmedia":[{"embeddable":true,"href":"https:\/\/isfd163-bue.infd.edu.ar\/sitio\/wp-json\/wp\/v2\/media\/1462"}],"wp:attachment":[{"href":"https:\/\/isfd163-bue.infd.edu.ar\/sitio\/wp-json\/wp\/v2\/media?parent=1455"}],"wp:term":[{"taxonomy":"category","embeddable":true,"href":"https:\/\/isfd163-bue.infd.edu.ar\/sitio\/wp-json\/wp\/v2\/categories?post=1455"},{"taxonomy":"post_tag","embeddable":true,"href":"https:\/\/isfd163-bue.infd.edu.ar\/sitio\/wp-json\/wp\/v2\/tags?post=1455"}],"curies":[{"name":"wp","href":"https:\/\/api.w.org\/{rel}","templated":true}]}}