{"id":1523,"date":"2020-09-07T19:19:39","date_gmt":"2020-09-07T22:19:39","guid":{"rendered":"https:\/\/isfd163-bue.infd.edu.ar\/sitio\/?p=1523"},"modified":"2020-09-13T13:32:24","modified_gmt":"2020-09-13T16:32:24","slug":"decima-jornadas-de-investigacion-de-estudiantes-del-nivel-superior","status":"publish","type":"post","link":"https:\/\/isfd163-bue.infd.edu.ar\/sitio\/decima-jornadas-de-investigacion-de-estudiantes-del-nivel-superior\/","title":{"rendered":"D\u00e9cima Jornadas de Investigaci\u00f3n de Estudiantes del Nivel Superior. Informate!"},"content":{"rendered":"<p>&nbsp;<\/p>\n<p><img decoding=\"async\" loading=\"lazy\" class=\"alignnone size-full wp-image-1525\" src=\"https:\/\/isfd163-bue.infd.edu.ar\/sitio\/wp-content\/uploads\/2020\/09\/1er-flyer.jpeg\" alt=\"\" width=\"972\" height=\"995\" srcset=\"https:\/\/isfd163-bue.infd.edu.ar\/sitio\/wp-content\/uploads\/2020\/09\/1er-flyer.jpeg 972w, https:\/\/isfd163-bue.infd.edu.ar\/sitio\/wp-content\/uploads\/2020\/09\/1er-flyer-768x786.jpeg 768w\" sizes=\"(max-width: 972px) 100vw, 972px\" \/><\/p>\n<p>&nbsp;<\/p>\n<p><b>PAUTAS DE PRESENTACI\u00d3N PARA LAS DIFERENTES PROPUESTAS:<\/b><\/p>\n<p><strong><span style=\"color: #000080;\">PROPUESTA ESCRITA<\/span>\u00a0<\/strong><\/p>\n<p><b>Presentaci\u00f3n abstract:<\/b><\/p>\n<ul>\n<li style=\"font-weight: 400;\"><span style=\"font-weight: 400;\">Hasta el 30 de septiembre de 2020.<\/span><\/li>\n<li style=\"font-weight: 400;\"><span style=\"font-weight: 400;\">Formato de entrega: Archivo PDF.<\/span><\/li>\n<li style=\"font-weight: 400;\"><span style=\"font-weight: 400;\">Extensi\u00f3n: Hasta 250 palabras.<\/span><\/li>\n<\/ul>\n<p><b><i>Contenido:<\/i><\/b><\/p>\n<ul>\n<li style=\"font-weight: 400;\"><span style=\"font-weight: 400;\">T\u00edtulo del trabajo.<\/span><\/li>\n<li style=\"font-weight: 400;\"><span style=\"font-weight: 400;\">Autor\/es.<\/span><\/li>\n<li style=\"font-weight: 400;\"><span style=\"font-weight: 400;\">Direcci\u00f3n de correo electr\u00f3nico.<\/span><\/li>\n<li style=\"font-weight: 400;\"><span style=\"font-weight: 400;\">Instituci\u00f3n de origen.<\/span><\/li>\n<li style=\"font-weight: 400;\"><span style=\"font-weight: 400;\">Nombre del profesor orientador.<\/span><\/li>\n<\/ul>\n<p><span style=\"font-weight: 400;\">Se deber\u00e1 considerar:\u00a0 objetivo\/s\u00a0 del trabajo, breve menci\u00f3n del marco te\u00f3rico y descripci\u00f3n de la propuesta.\u00a0Cinco palabras clave. G\u00e9nero de presentaci\u00f3n en el que se enmarcar\u00eda.\u00a0\u00a0<\/span><\/p>\n<p>&nbsp;<\/p>\n<p><b>Presentaci\u00f3n trabajo final:<\/b><\/p>\n<ul>\n<li style=\"font-weight: 400;\"><span style=\"font-weight: 400;\">Hasta el 7 de octubre de 2020.<\/span><\/li>\n<li style=\"font-weight: 400;\"><span style=\"font-weight: 400;\">Formato de entrega: Archivo PDF.<\/span><\/li>\n<li style=\"font-weight: 400;\"><span style=\"font-weight: 400;\">Extensi\u00f3n: Hasta 7 p\u00e1ginas A4\/ Fuente Arial 11, interlineado 1 \u00bd, m\u00e1rgenes 2,5.<\/span><\/li>\n<\/ul>\n<p><b><i>Datos en el encabezado:<\/i><\/b><\/p>\n<ul>\n<li style=\"font-weight: 400;\"><span style=\"font-weight: 400;\">T\u00edtulo del trabajo centrado con may\u00fascula y negrita, sin subrayar.<\/span><\/li>\n<li style=\"font-weight: 400;\"><span style=\"font-weight: 400;\">Autor\/es: debajo del t\u00edtulo, alineaci\u00f3n izquierda y en min\u00fascula.<\/span><\/li>\n<li style=\"font-weight: 400;\"><span style=\"font-weight: 400;\">Direcci\u00f3n de correo electr\u00f3nico: debajo del t\u00edtulo, alineaci\u00f3n derecha y en min\u00fascula.<\/span><\/li>\n<li style=\"font-weight: 400;\"><span style=\"font-weight: 400;\">Instituci\u00f3n de origen: debajo del t\u00edtulo, alineaci\u00f3n derecha y en min\u00fascula.<\/span><\/li>\n<li style=\"font-weight: 400;\"><span style=\"font-weight: 400;\">Espacio de desarrollo de la investigaci\u00f3n: debajo del t\u00edtulo, alineaci\u00f3n derecha y en min\u00fascula.<\/span><\/li>\n<li style=\"font-weight: 400;\"><span style=\"font-weight: 400;\">Nombre del profesor orientador: debajo del t\u00edtulo, alineaci\u00f3n derecha y en min\u00fascula.<\/span><\/li>\n<\/ul>\n<p><b><i>Cuerpo del trabajo:<\/i><\/b><\/p>\n<ul>\n<li style=\"font-weight: 400;\"><span style=\"font-weight: 400;\">El texto deber\u00e1 estar justificado y sin sangr\u00eda.<\/span><\/li>\n<li style=\"font-weight: 400;\"><span style=\"font-weight: 400;\">Las citas bibliogr\u00e1ficas en el texto se realizar\u00e1n entre par\u00e9ntesis, indicando apellido del autor y a\u00f1o de publicaci\u00f3n (Ausubel, 1978).<\/span><\/li>\n<li style=\"font-weight: 400;\"><span style=\"font-weight: 400;\">Las referencias bibliogr\u00e1ficas se incluir\u00e1n al finalizar el texto seg\u00fan las siguientes convenciones:<\/span><\/li>\n<\/ul>\n<p><span style=\"font-weight: 400;\">&#8211; Ausubel, D. (1978) Psicolog\u00eda educativa. Un punto de vista cognoscitivo. M\u00e9xico: Trillas.<\/span><\/p>\n<p><span style=\"font-weight: 400;\">&#8211; Driver, R. (1986) Psicolog\u00eda cognoscitiva y esquemas conceptuales de los alumnos. En Ense\u00f1anza de las ciencias, 4 (1), 3-15<\/span><\/p>\n<p><span style=\"font-weight: 400;\">\u00a0<\/span><\/p>\n<p><span style=\"font-weight: 400;\">Los interesados en presentar trabajos que no se correspondan con el formato planteado en esta circular deber\u00e1n enviar su propuesta describiendo la modalidad comunicativa al correo electr\u00f3nico de las Jornadas (jornadasinvestigacion163@gmail.com). Estos trabajos se compartir\u00e1n en nuestra web.<\/span><\/p>\n<p>&nbsp;<\/p>\n<p><strong><span style=\"color: #000080;\">PRESENTACI\u00d3N ORAL<\/span><\/strong><\/p>\n<p>Se realizar\u00e1n diferentes paneles con un m\u00e1ximo de cuatro presentaci\u00f3n con una instancia final de preguntas seleccionadas por la moderadora\/moderador. Se podr\u00e1n compartir producciones visuales y de audio durante la exposici\u00f3n.<\/p>\n<p>Avances de proyectos de investigaci\u00f3n,\u00a0 proyectos de investigaci\u00f3n, ensayos, rese\u00f1as y trabajos presentados en instancias de evaluaci\u00f3n final: hasta 15 minutos<\/p>\n<p>Conversatorios y narrativas de experiencias docentes: hasta 30 minutos<\/p>\n<p>&nbsp;<\/p>\n","protected":false},"excerpt":{"rendered":"<p>&nbsp; &nbsp; PAUTAS DE PRESENTACI\u00d3N PARA LAS DIFERENTES PROPUESTAS: PROPUESTA ESCRITA\u00a0 Presentaci\u00f3n abstract: Hasta el 30 de septiembre de 2020. Formato de entrega: Archivo PDF. Extensi\u00f3n: Hasta 250 palabras. Contenido: T\u00edtulo del trabajo. Autor\/es. Direcci\u00f3n de correo electr\u00f3nico. Instituci\u00f3n de origen. Nombre del profesor orientador. Se deber\u00e1 considerar:\u00a0 objetivo\/s\u00a0 del trabajo, breve menci\u00f3n del marco &#8230; <a title=\"D\u00e9cima Jornadas de Investigaci\u00f3n de Estudiantes del Nivel Superior. Informate!\" class=\"read-more\" href=\"https:\/\/isfd163-bue.infd.edu.ar\/sitio\/decima-jornadas-de-investigacion-de-estudiantes-del-nivel-superior\/\" aria-label=\"More on D\u00e9cima Jornadas de Investigaci\u00f3n de Estudiantes del Nivel Superior. Informate!\">[+]<\/a><\/p>\n","protected":false},"author":1452,"featured_media":0,"comment_status":"open","ping_status":"open","sticky":false,"template":"","format":"standard","meta":[],"categories":[30],"tags":[],"acf":[],"_links":{"self":[{"href":"https:\/\/isfd163-bue.infd.edu.ar\/sitio\/wp-json\/wp\/v2\/posts\/1523"}],"collection":[{"href":"https:\/\/isfd163-bue.infd.edu.ar\/sitio\/wp-json\/wp\/v2\/posts"}],"about":[{"href":"https:\/\/isfd163-bue.infd.edu.ar\/sitio\/wp-json\/wp\/v2\/types\/post"}],"author":[{"embeddable":true,"href":"https:\/\/isfd163-bue.infd.edu.ar\/sitio\/wp-json\/wp\/v2\/users\/1452"}],"replies":[{"embeddable":true,"href":"https:\/\/isfd163-bue.infd.edu.ar\/sitio\/wp-json\/wp\/v2\/comments?post=1523"}],"version-history":[{"count":13,"href":"https:\/\/isfd163-bue.infd.edu.ar\/sitio\/wp-json\/wp\/v2\/posts\/1523\/revisions"}],"predecessor-version":[{"id":1539,"href":"https:\/\/isfd163-bue.infd.edu.ar\/sitio\/wp-json\/wp\/v2\/posts\/1523\/revisions\/1539"}],"wp:attachment":[{"href":"https:\/\/isfd163-bue.infd.edu.ar\/sitio\/wp-json\/wp\/v2\/media?parent=1523"}],"wp:term":[{"taxonomy":"category","embeddable":true,"href":"https:\/\/isfd163-bue.infd.edu.ar\/sitio\/wp-json\/wp\/v2\/categories?post=1523"},{"taxonomy":"post_tag","embeddable":true,"href":"https:\/\/isfd163-bue.infd.edu.ar\/sitio\/wp-json\/wp\/v2\/tags?post=1523"}],"curies":[{"name":"wp","href":"https:\/\/api.w.org\/{rel}","templated":true}]}}