{"id":1545,"date":"2020-10-07T13:15:24","date_gmt":"2020-10-07T16:15:24","guid":{"rendered":"https:\/\/isfd163-bue.infd.edu.ar\/sitio\/?p=1545"},"modified":"2020-10-09T10:02:40","modified_gmt":"2020-10-09T13:02:40","slug":"apertura-de-la-decima-jornadas-de-investigacion-de-estudiantes-de-nivel-superior","status":"publish","type":"post","link":"https:\/\/isfd163-bue.infd.edu.ar\/sitio\/apertura-de-la-decima-jornadas-de-investigacion-de-estudiantes-de-nivel-superior\/","title":{"rendered":"Apertura de la D\u00e9cima Jornadas de investigaci\u00f3n de Estudiantes de Nivel Superior"},"content":{"rendered":"<p>El pr\u00f3ximo mi\u00e9rcoles 14 de octubre a las 15 hs daremos apertura a la <strong>D\u00e9cima Jornadas de Investigaci\u00f3n de Estudiantes de Nivel Superior<\/strong>. Para la misma contaremos con la presentaci\u00f3n a cargo de la directora de la Escuela Normal Superior J.M.E.\u00a0 I.S.F.D.N\u00ba 163\u00a0 Claudia Monti, el vicedirector Ariel Gamboa, la regente Marianela Carreras y la presencia de la Dra Adriana Puiggr\u00f3s y el Dr Jorge Steiman.<\/p>\n<p>El evento ser\u00e1 emitido por el canal de youtube de la instituci\u00f3n:\u00a0emisi\u00f3n en vivo por el <a href=\"https:\/\/www.youtube.com\/channel\/UCveKVpB5ur2h_FRxNXzZgmw\" target=\"_blank\" rel=\"noopener\">canal ISFD 163 Necochea<\/a><\/p>\n<p><img decoding=\"async\" loading=\"lazy\" class=\"alignnone size-medium wp-image-1556\" src=\"https:\/\/isfd163-bue.infd.edu.ar\/sitio\/wp-content\/uploads\/2020\/10\/cronograma-difusi\u00f3n-1000x772.jpeg\" alt=\"\" width=\"1000\" height=\"772\" srcset=\"https:\/\/isfd163-bue.infd.edu.ar\/sitio\/wp-content\/uploads\/2020\/10\/cronograma-difusi\u00f3n-1000x772.jpeg 1000w, https:\/\/isfd163-bue.infd.edu.ar\/sitio\/wp-content\/uploads\/2020\/10\/cronograma-difusi\u00f3n-768x593.jpeg 768w, https:\/\/isfd163-bue.infd.edu.ar\/sitio\/wp-content\/uploads\/2020\/10\/cronograma-difusi\u00f3n.jpeg 1280w\" sizes=\"(max-width: 1000px) 100vw, 1000px\" \/><\/p>\n<p>&nbsp;<\/p>\n<p>&nbsp;<\/p>\n","protected":false},"excerpt":{"rendered":"<p>El pr\u00f3ximo mi\u00e9rcoles 14 de octubre a las 15 hs daremos apertura a la D\u00e9cima Jornadas de Investigaci\u00f3n de Estudiantes de Nivel Superior. Para la misma contaremos con la presentaci\u00f3n a cargo de la directora de la Escuela Normal Superior J.M.E.\u00a0 I.S.F.D.N\u00ba 163\u00a0 Claudia Monti, el vicedirector Ariel Gamboa, la regente Marianela Carreras y la &#8230; <a title=\"Apertura de la D\u00e9cima Jornadas de investigaci\u00f3n de Estudiantes de Nivel Superior\" class=\"read-more\" href=\"https:\/\/isfd163-bue.infd.edu.ar\/sitio\/apertura-de-la-decima-jornadas-de-investigacion-de-estudiantes-de-nivel-superior\/\" aria-label=\"More on Apertura de la D\u00e9cima Jornadas de investigaci\u00f3n de Estudiantes de Nivel Superior\">[+]<\/a><\/p>\n","protected":false},"author":1452,"featured_media":1546,"comment_status":"open","ping_status":"open","sticky":false,"template":"","format":"standard","meta":[],"categories":[30],"tags":[],"acf":[],"_links":{"self":[{"href":"https:\/\/isfd163-bue.infd.edu.ar\/sitio\/wp-json\/wp\/v2\/posts\/1545"}],"collection":[{"href":"https:\/\/isfd163-bue.infd.edu.ar\/sitio\/wp-json\/wp\/v2\/posts"}],"about":[{"href":"https:\/\/isfd163-bue.infd.edu.ar\/sitio\/wp-json\/wp\/v2\/types\/post"}],"author":[{"embeddable":true,"href":"https:\/\/isfd163-bue.infd.edu.ar\/sitio\/wp-json\/wp\/v2\/users\/1452"}],"replies":[{"embeddable":true,"href":"https:\/\/isfd163-bue.infd.edu.ar\/sitio\/wp-json\/wp\/v2\/comments?post=1545"}],"version-history":[{"count":5,"href":"https:\/\/isfd163-bue.infd.edu.ar\/sitio\/wp-json\/wp\/v2\/posts\/1545\/revisions"}],"predecessor-version":[{"id":1557,"href":"https:\/\/isfd163-bue.infd.edu.ar\/sitio\/wp-json\/wp\/v2\/posts\/1545\/revisions\/1557"}],"wp:featuredmedia":[{"embeddable":true,"href":"https:\/\/isfd163-bue.infd.edu.ar\/sitio\/wp-json\/wp\/v2\/media\/1546"}],"wp:attachment":[{"href":"https:\/\/isfd163-bue.infd.edu.ar\/sitio\/wp-json\/wp\/v2\/media?parent=1545"}],"wp:term":[{"taxonomy":"category","embeddable":true,"href":"https:\/\/isfd163-bue.infd.edu.ar\/sitio\/wp-json\/wp\/v2\/categories?post=1545"},{"taxonomy":"post_tag","embeddable":true,"href":"https:\/\/isfd163-bue.infd.edu.ar\/sitio\/wp-json\/wp\/v2\/tags?post=1545"}],"curies":[{"name":"wp","href":"https:\/\/api.w.org\/{rel}","templated":true}]}}