{"id":1816,"date":"2021-11-26T20:55:13","date_gmt":"2021-11-26T23:55:13","guid":{"rendered":"https:\/\/isfd163-bue.infd.edu.ar\/sitio\/?p=1816"},"modified":"2021-11-26T20:55:15","modified_gmt":"2021-11-26T23:55:15","slug":"acto-de-egreso-y-colacion-2021","status":"publish","type":"post","link":"https:\/\/isfd163-bue.infd.edu.ar\/sitio\/acto-de-egreso-y-colacion-2021\/","title":{"rendered":"Acto de egreso y colaci\u00f3n 2021"},"content":{"rendered":"\n<p>El pasado martes 23 a las 17.30 hs se desarroll\u00f3 el acto de egreso y colaci\u00f3n correspondiente al ciclo 2020 y 2021, en las escalinatas de la instituci\u00f3n. <\/p>\n\n\n\n<p>El acto fue conducido por la docente Noem\u00ed Cesio. Las palabras alusivas por parte de los docentes estuvieron a cargo de la profesora\u00a0Silvia Lareo. Por parte de los alumnos las palabras estuvieron a cargo del egresado Ignacio Ibarguren.<\/p>\n\n\n\n<p>Finalizada la entrega de diplomas y medallas\u00a0el Profesor Ariel Gamboa, Director de la Unidad Acad\u00e9mica \u201cJos\u00e9 Manuel Estrada\u201d, procedi\u00f3 a la toma de juramento de los egresados titulados como profesores por esta Instituci\u00f3n Educativa.<\/p>\n\n\n\n<p>Les dejamos algunas im\u00e1genes del momento compartido.<\/p>\n\n\n\n<figure class=\"wp-block-gallery columns-3 is-cropped wp-block-gallery-1 is-layout-flex\"><ul class=\"blocks-gallery-grid\"><li class=\"blocks-gallery-item\"><figure><img decoding=\"async\" loading=\"lazy\" width=\"1328\" height=\"747\" src=\"https:\/\/isfd163-bue.infd.edu.ar\/sitio\/wp-content\/uploads\/2021\/11\/foto-1.jpeg\" alt=\"\" data-id=\"1819\" data-link=\"https:\/\/isfd163-bue.infd.edu.ar\/sitio\/?attachment_id=1819#main\" class=\"wp-image-1819\" srcset=\"https:\/\/isfd163-bue.infd.edu.ar\/sitio\/wp-content\/uploads\/2021\/11\/foto-1.jpeg 1328w, https:\/\/isfd163-bue.infd.edu.ar\/sitio\/wp-content\/uploads\/2021\/11\/foto-1-1000x563.jpeg 1000w, https:\/\/isfd163-bue.infd.edu.ar\/sitio\/wp-content\/uploads\/2021\/11\/foto-1-768x432.jpeg 768w\" sizes=\"(max-width: 1328px) 100vw, 1328px\" \/><\/figure><\/li><li class=\"blocks-gallery-item\"><figure><img decoding=\"async\" loading=\"lazy\" width=\"1328\" height=\"747\" src=\"https:\/\/isfd163-bue.infd.edu.ar\/sitio\/wp-content\/uploads\/2021\/11\/foto-2.jpeg\" alt=\"\" data-id=\"1820\" data-link=\"https:\/\/isfd163-bue.infd.edu.ar\/sitio\/?attachment_id=1820#main\" class=\"wp-image-1820\" srcset=\"https:\/\/isfd163-bue.infd.edu.ar\/sitio\/wp-content\/uploads\/2021\/11\/foto-2.jpeg 1328w, https:\/\/isfd163-bue.infd.edu.ar\/sitio\/wp-content\/uploads\/2021\/11\/foto-2-1000x563.jpeg 1000w, https:\/\/isfd163-bue.infd.edu.ar\/sitio\/wp-content\/uploads\/2021\/11\/foto-2-768x432.jpeg 768w\" sizes=\"(max-width: 1328px) 100vw, 1328px\" \/><\/figure><\/li><li class=\"blocks-gallery-item\"><figure><img decoding=\"async\" loading=\"lazy\" width=\"1328\" height=\"747\" src=\"https:\/\/isfd163-bue.infd.edu.ar\/sitio\/wp-content\/uploads\/2021\/11\/foto-3.jpeg\" alt=\"\" data-id=\"1821\" data-link=\"https:\/\/isfd163-bue.infd.edu.ar\/sitio\/?attachment_id=1821#main\" class=\"wp-image-1821\" srcset=\"https:\/\/isfd163-bue.infd.edu.ar\/sitio\/wp-content\/uploads\/2021\/11\/foto-3.jpeg 1328w, https:\/\/isfd163-bue.infd.edu.ar\/sitio\/wp-content\/uploads\/2021\/11\/foto-3-1000x563.jpeg 1000w, https:\/\/isfd163-bue.infd.edu.ar\/sitio\/wp-content\/uploads\/2021\/11\/foto-3-768x432.jpeg 768w\" sizes=\"(max-width: 1328px) 100vw, 1328px\" \/><\/figure><\/li><li class=\"blocks-gallery-item\"><figure><img decoding=\"async\" loading=\"lazy\" width=\"1328\" height=\"747\" src=\"https:\/\/isfd163-bue.infd.edu.ar\/sitio\/wp-content\/uploads\/2021\/11\/foto-6.jpeg\" alt=\"\" data-id=\"1822\" data-link=\"https:\/\/isfd163-bue.infd.edu.ar\/sitio\/?attachment_id=1822#main\" class=\"wp-image-1822\" srcset=\"https:\/\/isfd163-bue.infd.edu.ar\/sitio\/wp-content\/uploads\/2021\/11\/foto-6.jpeg 1328w, https:\/\/isfd163-bue.infd.edu.ar\/sitio\/wp-content\/uploads\/2021\/11\/foto-6-1000x563.jpeg 1000w, https:\/\/isfd163-bue.infd.edu.ar\/sitio\/wp-content\/uploads\/2021\/11\/foto-6-768x432.jpeg 768w\" sizes=\"(max-width: 1328px) 100vw, 1328px\" \/><\/figure><\/li><li class=\"blocks-gallery-item\"><figure><img decoding=\"async\" loading=\"lazy\" width=\"1328\" height=\"747\" src=\"https:\/\/isfd163-bue.infd.edu.ar\/sitio\/wp-content\/uploads\/2021\/11\/foto-5.jpeg\" alt=\"\" data-id=\"1823\" data-link=\"https:\/\/isfd163-bue.infd.edu.ar\/sitio\/?attachment_id=1823#main\" class=\"wp-image-1823\" srcset=\"https:\/\/isfd163-bue.infd.edu.ar\/sitio\/wp-content\/uploads\/2021\/11\/foto-5.jpeg 1328w, https:\/\/isfd163-bue.infd.edu.ar\/sitio\/wp-content\/uploads\/2021\/11\/foto-5-1000x563.jpeg 1000w, https:\/\/isfd163-bue.infd.edu.ar\/sitio\/wp-content\/uploads\/2021\/11\/foto-5-768x432.jpeg 768w\" sizes=\"(max-width: 1328px) 100vw, 1328px\" \/><\/figure><\/li><li class=\"blocks-gallery-item\"><figure><img decoding=\"async\" loading=\"lazy\" width=\"1600\" height=\"1200\" src=\"https:\/\/isfd163-bue.infd.edu.ar\/sitio\/wp-content\/uploads\/2021\/11\/foto-4.jpeg\" alt=\"\" data-id=\"1824\" data-full-url=\"https:\/\/isfd163-bue.infd.edu.ar\/sitio\/wp-content\/uploads\/2021\/11\/foto-4.jpeg\" data-link=\"https:\/\/isfd163-bue.infd.edu.ar\/sitio\/?attachment_id=1824#main\" class=\"wp-image-1824\" srcset=\"https:\/\/isfd163-bue.infd.edu.ar\/sitio\/wp-content\/uploads\/2021\/11\/foto-4.jpeg 1600w, https:\/\/isfd163-bue.infd.edu.ar\/sitio\/wp-content\/uploads\/2021\/11\/foto-4-1000x750.jpeg 1000w, https:\/\/isfd163-bue.infd.edu.ar\/sitio\/wp-content\/uploads\/2021\/11\/foto-4-768x576.jpeg 768w, https:\/\/isfd163-bue.infd.edu.ar\/sitio\/wp-content\/uploads\/2021\/11\/foto-4-1536x1152.jpeg 1536w\" sizes=\"(max-width: 1600px) 100vw, 1600px\" \/><\/figure><\/li><\/ul><\/figure>\n","protected":false},"excerpt":{"rendered":"<p>El pasado martes 23 a las 17.30 hs se desarroll\u00f3 el acto de egreso y colaci\u00f3n correspondiente al ciclo 2020 y 2021, en las escalinatas de la instituci\u00f3n. El acto fue conducido por la docente Noem\u00ed Cesio. Las palabras alusivas por parte de los docentes estuvieron a cargo de la profesora\u00a0Silvia Lareo. Por parte de &#8230; <a title=\"Acto de egreso y colaci\u00f3n 2021\" class=\"read-more\" href=\"https:\/\/isfd163-bue.infd.edu.ar\/sitio\/acto-de-egreso-y-colacion-2021\/\" aria-label=\"More on Acto de egreso y colaci\u00f3n 2021\">[+]<\/a><\/p>\n","protected":false},"author":1452,"featured_media":1817,"comment_status":"open","ping_status":"open","sticky":false,"template":"","format":"standard","meta":[],"categories":[1],"tags":[],"acf":[],"_links":{"self":[{"href":"https:\/\/isfd163-bue.infd.edu.ar\/sitio\/wp-json\/wp\/v2\/posts\/1816"}],"collection":[{"href":"https:\/\/isfd163-bue.infd.edu.ar\/sitio\/wp-json\/wp\/v2\/posts"}],"about":[{"href":"https:\/\/isfd163-bue.infd.edu.ar\/sitio\/wp-json\/wp\/v2\/types\/post"}],"author":[{"embeddable":true,"href":"https:\/\/isfd163-bue.infd.edu.ar\/sitio\/wp-json\/wp\/v2\/users\/1452"}],"replies":[{"embeddable":true,"href":"https:\/\/isfd163-bue.infd.edu.ar\/sitio\/wp-json\/wp\/v2\/comments?post=1816"}],"version-history":[{"count":5,"href":"https:\/\/isfd163-bue.infd.edu.ar\/sitio\/wp-json\/wp\/v2\/posts\/1816\/revisions"}],"predecessor-version":[{"id":1829,"href":"https:\/\/isfd163-bue.infd.edu.ar\/sitio\/wp-json\/wp\/v2\/posts\/1816\/revisions\/1829"}],"wp:featuredmedia":[{"embeddable":true,"href":"https:\/\/isfd163-bue.infd.edu.ar\/sitio\/wp-json\/wp\/v2\/media\/1817"}],"wp:attachment":[{"href":"https:\/\/isfd163-bue.infd.edu.ar\/sitio\/wp-json\/wp\/v2\/media?parent=1816"}],"wp:term":[{"taxonomy":"category","embeddable":true,"href":"https:\/\/isfd163-bue.infd.edu.ar\/sitio\/wp-json\/wp\/v2\/categories?post=1816"},{"taxonomy":"post_tag","embeddable":true,"href":"https:\/\/isfd163-bue.infd.edu.ar\/sitio\/wp-json\/wp\/v2\/tags?post=1816"}],"curies":[{"name":"wp","href":"https:\/\/api.w.org\/{rel}","templated":true}]}}